{"id":30628,"date":"2025-03-17T19:50:40","date_gmt":"2025-03-17T22:50:40","guid":{"rendered":"https:\/\/emprenderenfiestas.com\/?p=30628"},"modified":"2025-04-29T15:30:40","modified_gmt":"2025-04-29T18:30:40","slug":"ep1-desorden-de-prioridades","status":"publish","type":"post","link":"https:\/\/emprenderenfiestas.com\/index.php\/2025\/03\/17\/ep1-desorden-de-prioridades\/","title":{"rendered":"ep1 &#8211; Desorden de Prioridades"},"content":{"rendered":"\t\t<div data-elementor-type=\"wp-post\" data-elementor-id=\"30628\" class=\"elementor elementor-30628\" data-elementor-post-type=\"post\">\n\t\t\t\t<div class=\"elementor-element elementor-element-8214023 e-flex e-con-boxed e-con e-parent\" data-id=\"8214023\" data-element_type=\"container\" data-e-type=\"container\">\n\t\t\t\t\t<div class=\"e-con-inner\">\n\t\t\t\t<div class=\"elementor-element elementor-element-64e9da2 elementor-widget elementor-widget-heading\" data-id=\"64e9da2\" data-element_type=\"widget\" data-e-type=\"widget\" data-widget_type=\"heading.default\">\n\t\t\t\t<div class=\"elementor-widget-container\">\n\t\t\t\t\t<h1 class=\"elementor-heading-title elementor-size-default\">Episodio 1: Desorden de Prioridades.<\/h1>\t\t\t\t<\/div>\n\t\t\t\t<\/div>\n\t\t\t\t<div class=\"elementor-element elementor-element-89689ae elementor-widget-divider--view-line elementor-widget elementor-widget-divider\" data-id=\"89689ae\" data-element_type=\"widget\" data-e-type=\"widget\" data-widget_type=\"divider.default\">\n\t\t\t\t<div class=\"elementor-widget-container\">\n\t\t\t\t\t\t\t<div class=\"elementor-divider\">\n\t\t\t<span class=\"elementor-divider-separator\">\n\t\t\t\t\t\t<\/span>\n\t\t<\/div>\n\t\t\t\t\t\t<\/div>\n\t\t\t\t<\/div>\n\t\t\t\t<div class=\"elementor-element elementor-element-bf4af5b elementor-widget elementor-widget-heading\" data-id=\"bf4af5b\" data-element_type=\"widget\" data-e-type=\"widget\" data-widget_type=\"heading.default\">\n\t\t\t\t<div class=\"elementor-widget-container\">\n\t\t\t\t\t<h2 class=\"elementor-heading-title elementor-size-default\">Me Ordeno Luego Emprendo, temporada 2025 del podcast<\/h2>\t\t\t\t<\/div>\n\t\t\t\t<\/div>\n\t\t\t\t<div class=\"elementor-element elementor-element-1d06239 elementor-widget-divider--view-line elementor-widget elementor-widget-divider\" data-id=\"1d06239\" data-element_type=\"widget\" data-e-type=\"widget\" data-widget_type=\"divider.default\">\n\t\t\t\t<div class=\"elementor-widget-container\">\n\t\t\t\t\t\t\t<div class=\"elementor-divider\">\n\t\t\t<span class=\"elementor-divider-separator\">\n\t\t\t\t\t\t<\/span>\n\t\t<\/div>\n\t\t\t\t\t\t<\/div>\n\t\t\t\t<\/div>\n\t\t\t\t<div class=\"elementor-element elementor-element-a4d3547 elementor-widget elementor-widget-spacer\" data-id=\"a4d3547\" data-element_type=\"widget\" data-e-type=\"widget\" data-widget_type=\"spacer.default\">\n\t\t\t\t<div class=\"elementor-widget-container\">\n\t\t\t\t\t\t\t<div class=\"elementor-spacer\">\n\t\t\t<div class=\"elementor-spacer-inner\"><\/div>\n\t\t<\/div>\n\t\t\t\t\t\t<\/div>\n\t\t\t\t<\/div>\n\t\t\t\t\t<\/div>\n\t\t\t\t<\/div>\n\t\t<div class=\"elementor-element elementor-element-e9ef709 e-flex e-con-boxed e-con e-parent\" data-id=\"e9ef709\" data-element_type=\"container\" data-e-type=\"container\">\n\t\t\t\t\t<div class=\"e-con-inner\">\n\t\t<div class=\"elementor-element elementor-element-511d4bb e-con-full e-flex e-con e-child\" data-id=\"511d4bb\" data-element_type=\"container\" data-e-type=\"container\">\n\t\t\t\t<div class=\"elementor-element elementor-element-68e5063 elementor-widget elementor-widget-text-editor\" data-id=\"68e5063\" data-element_type=\"widget\" data-e-type=\"widget\" data-widget_type=\"text-editor.default\">\n\t\t\t\t<div class=\"elementor-widget-container\">\n\t\t\t\t\t\t\t\t\t<h5><span data-slate-fragment=\"JTVCJTdCJTIydHlwZSUyMiUzQSUyMnBhcmFncmFwaCUyMiUyQyUyMmNoaWxkcmVuJTIyJTNBJTVCJTdCJTIydGV4dCUyMiUzQSUyMkRlc2Jsb3F1ZWFtb3MlMjBqdW50YXMlMjBlbCUyMGN1ZWxsbyUyMGRlJTIwYm90ZWxsYSUyMHF1ZSUyMHRpZW5lJTIwdHUlMjB2aWRhLiUyMiU3RCU1RCU3RCU1RA==\">Desbloqueamos juntas el cuello de botella que tiene tu vida.<\/span><\/h5><p>\ud83d\ude80 Episodio especial, retomando el podcast en 2025, sobre prioridades y crecimiento personal para emprendedores \ud83c\udf1f<\/p><h3 data-start=\"0\" data-end=\"101\"><strong data-start=\"4\" data-end=\"94\">&#8220;Cuando las tareas de la casa no te dejan avanzar con tu emprendimiento&#8221;<\/strong> \ud83c\udfe0\ud83d\udcbc<\/h3><p data-start=\"103\" data-end=\"234\">\ud83d\udce2 <em data-start=\"106\" data-end=\"226\">Quer\u00edas emprender para ser m\u00e1s libre\u2026 pero terminaste atrapada entre la escoba, la compu y los pendientes del negocio.<\/em> \ud83d\ude35\u200d\ud83d\udcab<\/p><p data-start=\"236\" data-end=\"331\">\ud83d\udca1 <strong data-start=\"239\" data-end=\"329\">Si el caos de la casa est\u00e1 frenando tu emprendimiento, es hora de ordenar prioridades.<\/strong><\/p><p data-start=\"333\" data-end=\"601\">\ud83d\udccc En el <strong data-start=\"342\" data-end=\"392\">primer episodio de &#8220;Me Ordeno, Luego Emprendo&#8221;<\/strong>, hablamos de:<br data-start=\"406\" data-end=\"409\" \/>\u2705 C\u00f3mo equilibrar trabajo y hogar sin volverte loca.<br data-start=\"461\" data-end=\"464\" \/>\u2705 Estrategias para involucrar a tu familia en las tareas.<br data-start=\"521\" data-end=\"524\" \/>\u2705 Claves para ganar independencia econ\u00f3mica sin descuidar tu vida personal.<\/p><p data-start=\"603\" data-end=\"669\">\ud83c\udfa7 <strong data-start=\"606\" data-end=\"667\">Escuchalo ahora y empez\u00e1 a tomar el control de tu tiempo.<\/strong><\/p>\t\t\t\t\t\t\t\t<\/div>\n\t\t\t\t<\/div>\n\t\t\t\t<\/div>\n\t\t\t\t\t<\/div>\n\t\t\t\t<\/div>\n\t\t<div class=\"elementor-element elementor-element-55bb2f0 e-flex e-con-boxed e-con e-parent\" data-id=\"55bb2f0\" data-element_type=\"container\" data-e-type=\"container\">\n\t\t\t\t\t<div class=\"e-con-inner\">\n\t\t\t\t<div class=\"elementor-element elementor-element-1a648a7 elementor-align-justify elementor-widget elementor-widget-button\" data-id=\"1a648a7\" data-element_type=\"widget\" data-e-type=\"widget\" data-widget_type=\"button.default\">\n\t\t\t\t<div class=\"elementor-widget-container\">\n\t\t\t\t\t\t\t\t\t<div class=\"elementor-button-wrapper\">\n\t\t\t\t\t<a class=\"elementor-button elementor-button-link elementor-size-sm\" href=\"https:\/\/open.spotify.com\/episode\/5CnKfahiYlQLevyn6MTBq6?si=fHQu_aRhSeWDpr1tiHQDQg\">\n\t\t\t\t\t\t<span class=\"elementor-button-content-wrapper\">\n\t\t\t\t\t\t\t\t\t<span class=\"elementor-button-text\">ESCUCHALO AC\u00c1<\/span>\n\t\t\t\t\t<\/span>\n\t\t\t\t\t<\/a>\n\t\t\t\t<\/div>\n\t\t\t\t\t\t\t\t<\/div>\n\t\t\t\t<\/div>\n\t\t\t\t\t<\/div>\n\t\t\t\t<\/div>\n\t\t\t\t<\/div>\n\t\t","protected":false},"excerpt":{"rendered":"<p>\ud83d\ude80 Episodio especial sobre prioridades y crecimiento personal para emprendedores \ud83c\udf1f<\/p>\n<p>\u00bfTe sientes atrapada entre tareas dom\u00e9sticas y tus sue\u00f1os de negocio? En este podcast, descubre c\u00f3mo reorganizar tus prioridades puede transformar tu vida profesional y personal. <\/p>\n<p>Aprender\u00e1s:<br \/>\n\u2705 Estrategias para equilibrar trabajo y hogar<br \/>\n\u2705 C\u00f3mo involucrar a tu familia en las tareas<br \/>\n\u2705 T\u00e9cnicas para ganar independencia econ\u00f3mica<br \/>\n\u2705 Superar el desorden que frena tu emprendimiento<\/p>\n<p>No dejes que la falta de disciplina limite tus sue\u00f1os. \u00a1Escucha ya y dale un giro a tu emprendimiento! \ud83d\udcaa\ud83c\udffc\ud83d\udc69\u200d\ud83d\udcbb<\/p>\n","protected":false},"author":1,"featured_media":30637,"comment_status":"open","ping_status":"open","sticky":false,"template":"elementor_header_footer","format":"standard","meta":{"site-sidebar-layout":"default","site-content-layout":"","ast-site-content-layout":"default","site-content-style":"default","site-sidebar-style":"default","ast-global-header-display":"","ast-banner-title-visibility":"","ast-main-header-display":"","ast-hfb-above-header-display":"","ast-hfb-below-header-display":"","ast-hfb-mobile-header-display":"","site-post-title":"","ast-breadcrumbs-content":"","ast-featured-img":"","footer-sml-layout":"","ast-disable-related-posts":"","theme-transparent-header-meta":"","adv-header-id-meta":"","stick-header-meta":"","header-above-stick-meta":"","header-main-stick-meta":"","header-below-stick-meta":"","astra-migrate-meta-layouts":"set","ast-page-background-enabled":"default","ast-page-background-meta":{"desktop":{"background-color":"var(--ast-global-color-4)","background-image":"","background-repeat":"repeat","background-position":"center center","background-size":"auto","background-attachment":"scroll","background-type":"","background-media":"","overlay-type":"","overlay-color":"","overlay-opacity":"","overlay-gradient":""},"tablet":{"background-color":"","background-image":"","background-repeat":"repeat","background-position":"center center","background-size":"auto","background-attachment":"scroll","background-type":"","background-media":"","overlay-type":"","overlay-color":"","overlay-opacity":"","overlay-gradient":""},"mobile":{"background-color":"","background-image":"","background-repeat":"repeat","background-position":"center center","background-size":"auto","background-attachment":"scroll","background-type":"","background-media":"","overlay-type":"","overlay-color":"","overlay-opacity":"","overlay-gradient":""}},"ast-content-background-meta":{"desktop":{"background-color":"var(--ast-global-color-5)","background-image":"","background-repeat":"repeat","background-position":"center center","background-size":"auto","background-attachment":"scroll","background-type":"","background-media":"","overlay-type":"","overlay-color":"","overlay-opacity":"","overlay-gradient":""},"tablet":{"background-color":"var(--ast-global-color-5)","background-image":"","background-repeat":"repeat","background-position":"center center","background-size":"auto","background-attachment":"scroll","background-type":"","background-media":"","overlay-type":"","overlay-color":"","overlay-opacity":"","overlay-gradient":""},"mobile":{"background-color":"var(--ast-global-color-5)","background-image":"","background-repeat":"repeat","background-position":"center center","background-size":"auto","background-attachment":"scroll","background-type":"","background-media":"","overlay-type":"","overlay-color":"","overlay-opacity":"","overlay-gradient":""}},"jetpack_post_was_ever_published":false,"_jetpack_newsletter_access":"","_jetpack_dont_email_post_to_subs":false,"_jetpack_newsletter_tier_id":0,"_jetpack_memberships_contains_paywalled_content":false,"_jetpack_memberships_contains_paid_content":false,"footnotes":"","jetpack_publicize_message":"","jetpack_publicize_feature_enabled":true,"jetpack_social_post_already_shared":false,"jetpack_social_options":{"image_generator_settings":{"template":"highway","default_image_id":0,"font":"","enabled":false},"version":2}},"categories":[439,561],"tags":[510,195,110,122,224,509,155,508,511],"class_list":["post-30628","post","type-post","status-publish","format-standard","has-post-thumbnail","hentry","category-gratis","category-podcast","tag-desorden","tag-emprendedora-de-eventos","tag-emprender","tag-emprender-en-fiestas","tag-eventos-infantiles","tag-negocio","tag-orden","tag-podcast","tag-prioridades"],"yoast_head":"<!-- This site is optimized with the Yoast SEO plugin v27.4 - https:\/\/yoast.com\/product\/yoast-seo-wordpress\/ -->\n<title>ep1 - Desorden de Prioridades - emprenderenfiestas.com<\/title>\n<meta name=\"description\" content=\"\ud83d\ude80 Episodio especial sobre prioridades y crecimiento personal para emprendedores \ud83c\udf1f\u00bfTe sientes atrapada entre tareas dom\u00e9sticas y tus sue\u00f1os de negocio? En este podcast, descubre c\u00f3mo reorganizar tus prioridades puede transformar tu vida profesional y personal. Aprender\u00e1s:\u2705 Estrategias para equilibrar trabajo y hogar\u2705 C\u00f3mo involucrar a tu familia en las tareas\u2705 T\u00e9cnicas para ganar independencia econ\u00f3mica\u2705 Superar el desorden que frena tu emprendimientoNo dejes que la falta de disciplina limite tus sue\u00f1os. \u00a1Escucha ya y dale un giro a tu emprendimiento! \ud83d\udcaa\ud83c\udffc\ud83d\udc69\u200d\ud83d\udcbb\" \/>\n<meta name=\"robots\" content=\"index, follow, max-snippet:-1, max-image-preview:large, max-video-preview:-1\" \/>\n<link rel=\"canonical\" href=\"https:\/\/emprenderenfiestas.com\/index.php\/2025\/03\/17\/ep1-desorden-de-prioridades\/\" \/>\n<meta property=\"og:locale\" content=\"es_ES\" \/>\n<meta property=\"og:type\" content=\"article\" \/>\n<meta property=\"og:title\" content=\"ep1 - Desorden de Prioridades - emprenderenfiestas.com\" \/>\n<meta property=\"og:description\" content=\"\ud83d\ude80 Episodio especial sobre prioridades y crecimiento personal para emprendedores \ud83c\udf1f\u00bfTe sientes atrapada entre tareas dom\u00e9sticas y tus sue\u00f1os de negocio? En este podcast, descubre c\u00f3mo reorganizar tus prioridades puede transformar tu vida profesional y personal. Aprender\u00e1s:\u2705 Estrategias para equilibrar trabajo y hogar\u2705 C\u00f3mo involucrar a tu familia en las tareas\u2705 T\u00e9cnicas para ganar independencia econ\u00f3mica\u2705 Superar el desorden que frena tu emprendimientoNo dejes que la falta de disciplina limite tus sue\u00f1os. \u00a1Escucha ya y dale un giro a tu emprendimiento! \ud83d\udcaa\ud83c\udffc\ud83d\udc69\u200d\ud83d\udcbb\" \/>\n<meta property=\"og:url\" content=\"https:\/\/emprenderenfiestas.com\/index.php\/2025\/03\/17\/ep1-desorden-de-prioridades\/\" \/>\n<meta property=\"og:site_name\" content=\"emprenderenfiestas.com\" \/>\n<meta property=\"article:published_time\" content=\"2025-03-17T22:50:40+00:00\" \/>\n<meta property=\"article:modified_time\" content=\"2025-04-29T18:30:40+00:00\" \/>\n<meta property=\"og:image\" content=\"https:\/\/emprenderenfiestas.com\/wp-content\/uploads\/2025\/03\/Daniela-dana.png\" \/>\n\t<meta property=\"og:image:width\" content=\"1080\" \/>\n\t<meta property=\"og:image:height\" content=\"1080\" \/>\n\t<meta property=\"og:image:type\" content=\"image\/png\" \/>\n<meta name=\"author\" content=\"emprenderenfiestas.com\" \/>\n<meta name=\"twitter:card\" content=\"summary_large_image\" \/>\n<meta name=\"twitter:label1\" content=\"Escrito por\" \/>\n\t<meta name=\"twitter:data1\" content=\"emprenderenfiestas.com\" \/>\n\t<meta name=\"twitter:label2\" content=\"Tiempo de lectura\" \/>\n\t<meta name=\"twitter:data2\" content=\"1 minuto\" \/>\n<script type=\"application\/ld+json\" class=\"yoast-schema-graph\">{\"@context\":\"https:\\\/\\\/schema.org\",\"@graph\":[{\"@type\":\"Article\",\"@id\":\"https:\\\/\\\/emprenderenfiestas.com\\\/index.php\\\/2025\\\/03\\\/17\\\/ep1-desorden-de-prioridades\\\/#article\",\"isPartOf\":{\"@id\":\"https:\\\/\\\/emprenderenfiestas.com\\\/index.php\\\/2025\\\/03\\\/17\\\/ep1-desorden-de-prioridades\\\/\"},\"author\":{\"name\":\"emprenderenfiestas.com\",\"@id\":\"https:\\\/\\\/emprenderenfiestas.com\\\/#\\\/schema\\\/person\\\/90b7a263e0b94e5f3e575727fc51c864\"},\"headline\":\"ep1 &#8211; Desorden de Prioridades\",\"datePublished\":\"2025-03-17T22:50:40+00:00\",\"dateModified\":\"2025-04-29T18:30:40+00:00\",\"mainEntityOfPage\":{\"@id\":\"https:\\\/\\\/emprenderenfiestas.com\\\/index.php\\\/2025\\\/03\\\/17\\\/ep1-desorden-de-prioridades\\\/\"},\"wordCount\":9,\"commentCount\":0,\"publisher\":{\"@id\":\"https:\\\/\\\/emprenderenfiestas.com\\\/#\\\/schema\\\/person\\\/7ae3f63e8e0d298333f421659b10fec6\"},\"image\":{\"@id\":\"https:\\\/\\\/emprenderenfiestas.com\\\/index.php\\\/2025\\\/03\\\/17\\\/ep1-desorden-de-prioridades\\\/#primaryimage\"},\"thumbnailUrl\":\"https:\\\/\\\/i0.wp.com\\\/emprenderenfiestas.com\\\/wp-content\\\/uploads\\\/2025\\\/03\\\/Daniela-dana.png?fit=1080%2C1080&ssl=1\",\"keywords\":[\"desorden\",\"emprendedora de eventos\",\"emprender\",\"emprender en fiestas\",\"eventos infantiles\",\"negocio\",\"ORDEN\",\"podcast\",\"prioridades\"],\"articleSection\":[\"Gratis\",\"Podcast\"],\"inLanguage\":\"es-AR\",\"potentialAction\":[{\"@type\":\"CommentAction\",\"name\":\"Comment\",\"target\":[\"https:\\\/\\\/emprenderenfiestas.com\\\/index.php\\\/2025\\\/03\\\/17\\\/ep1-desorden-de-prioridades\\\/#respond\"]}]},{\"@type\":\"WebPage\",\"@id\":\"https:\\\/\\\/emprenderenfiestas.com\\\/index.php\\\/2025\\\/03\\\/17\\\/ep1-desorden-de-prioridades\\\/\",\"url\":\"https:\\\/\\\/emprenderenfiestas.com\\\/index.php\\\/2025\\\/03\\\/17\\\/ep1-desorden-de-prioridades\\\/\",\"name\":\"ep1 - Desorden de Prioridades - emprenderenfiestas.com\",\"isPartOf\":{\"@id\":\"https:\\\/\\\/emprenderenfiestas.com\\\/#website\"},\"primaryImageOfPage\":{\"@id\":\"https:\\\/\\\/emprenderenfiestas.com\\\/index.php\\\/2025\\\/03\\\/17\\\/ep1-desorden-de-prioridades\\\/#primaryimage\"},\"image\":{\"@id\":\"https:\\\/\\\/emprenderenfiestas.com\\\/index.php\\\/2025\\\/03\\\/17\\\/ep1-desorden-de-prioridades\\\/#primaryimage\"},\"thumbnailUrl\":\"https:\\\/\\\/i0.wp.com\\\/emprenderenfiestas.com\\\/wp-content\\\/uploads\\\/2025\\\/03\\\/Daniela-dana.png?fit=1080%2C1080&ssl=1\",\"datePublished\":\"2025-03-17T22:50:40+00:00\",\"dateModified\":\"2025-04-29T18:30:40+00:00\",\"description\":\"\ud83d\ude80 Episodio especial sobre prioridades y crecimiento personal para emprendedores \ud83c\udf1f\u00bfTe sientes atrapada entre tareas dom\u00e9sticas y tus sue\u00f1os de negocio? En este podcast, descubre c\u00f3mo reorganizar tus prioridades puede transformar tu vida profesional y personal. Aprender\u00e1s:\u2705 Estrategias para equilibrar trabajo y hogar\u2705 C\u00f3mo involucrar a tu familia en las tareas\u2705 T\u00e9cnicas para ganar independencia econ\u00f3mica\u2705 Superar el desorden que frena tu emprendimientoNo dejes que la falta de disciplina limite tus sue\u00f1os. \u00a1Escucha ya y dale un giro a tu emprendimiento! \ud83d\udcaa\ud83c\udffc\ud83d\udc69\u200d\ud83d\udcbb\",\"breadcrumb\":{\"@id\":\"https:\\\/\\\/emprenderenfiestas.com\\\/index.php\\\/2025\\\/03\\\/17\\\/ep1-desorden-de-prioridades\\\/#breadcrumb\"},\"inLanguage\":\"es-AR\",\"potentialAction\":[{\"@type\":\"ReadAction\",\"target\":[\"https:\\\/\\\/emprenderenfiestas.com\\\/index.php\\\/2025\\\/03\\\/17\\\/ep1-desorden-de-prioridades\\\/\"]}]},{\"@type\":\"ImageObject\",\"inLanguage\":\"es-AR\",\"@id\":\"https:\\\/\\\/emprenderenfiestas.com\\\/index.php\\\/2025\\\/03\\\/17\\\/ep1-desorden-de-prioridades\\\/#primaryimage\",\"url\":\"https:\\\/\\\/i0.wp.com\\\/emprenderenfiestas.com\\\/wp-content\\\/uploads\\\/2025\\\/03\\\/Daniela-dana.png?fit=1080%2C1080&ssl=1\",\"contentUrl\":\"https:\\\/\\\/i0.wp.com\\\/emprenderenfiestas.com\\\/wp-content\\\/uploads\\\/2025\\\/03\\\/Daniela-dana.png?fit=1080%2C1080&ssl=1\",\"width\":1080,\"height\":1080,\"caption\":\"\ud83d\ude80 Episodio especial sobre prioridades y crecimiento personal para emprendedores \ud83c\udf1f \u00bfTe sientes atrapada entre tareas dom\u00e9sticas y tus sue\u00f1os de negocio? En este podcast, descubre c\u00f3mo reorganizar tus prioridades puede transformar tu vida profesional y personal. Aprender\u00e1s: \u2705 Estrategias para equilibrar trabajo y hogar \u2705 C\u00f3mo involucrar a tu familia en las tareas \u2705 T\u00e9cnicas para ganar independencia econ\u00f3mica \u2705 Superar el desorden que frena tu emprendimiento No dejes que la falta de disciplina limite tus sue\u00f1os. \u00a1Escucha ya y dale un giro a tu emprendimiento! \ud83d\udcaa\ud83c\udffc\ud83d\udc69\u200d\ud83d\udcbb\"},{\"@type\":\"BreadcrumbList\",\"@id\":\"https:\\\/\\\/emprenderenfiestas.com\\\/index.php\\\/2025\\\/03\\\/17\\\/ep1-desorden-de-prioridades\\\/#breadcrumb\",\"itemListElement\":[{\"@type\":\"ListItem\",\"position\":1,\"name\":\"Inicio\",\"item\":\"https:\\\/\\\/emprenderenfiestas.com\\\/\"},{\"@type\":\"ListItem\",\"position\":2,\"name\":\"ep1 &#8211; Desorden de Prioridades\"}]},{\"@type\":\"WebSite\",\"@id\":\"https:\\\/\\\/emprenderenfiestas.com\\\/#website\",\"url\":\"https:\\\/\\\/emprenderenfiestas.com\\\/\",\"name\":\"Emprender en Fiestas\",\"description\":\"Cursos para emprender en eventos\",\"publisher\":{\"@id\":\"https:\\\/\\\/emprenderenfiestas.com\\\/#\\\/schema\\\/person\\\/7ae3f63e8e0d298333f421659b10fec6\"},\"potentialAction\":[{\"@type\":\"SearchAction\",\"target\":{\"@type\":\"EntryPoint\",\"urlTemplate\":\"https:\\\/\\\/emprenderenfiestas.com\\\/?s={search_term_string}\"},\"query-input\":{\"@type\":\"PropertyValueSpecification\",\"valueRequired\":true,\"valueName\":\"search_term_string\"}}],\"inLanguage\":\"es-AR\"},{\"@type\":[\"Person\",\"Organization\"],\"@id\":\"https:\\\/\\\/emprenderenfiestas.com\\\/#\\\/schema\\\/person\\\/7ae3f63e8e0d298333f421659b10fec6\",\"name\":\"Daniela Dana\",\"image\":{\"@type\":\"ImageObject\",\"inLanguage\":\"es-AR\",\"@id\":\"https:\\\/\\\/i0.wp.com\\\/emprenderenfiestas.com\\\/wp-content\\\/uploads\\\/2023\\\/06\\\/Mesa-de-trabajo-3%402x-e1742245783883.png?fit=2400%2C928&ssl=1\",\"url\":\"https:\\\/\\\/i0.wp.com\\\/emprenderenfiestas.com\\\/wp-content\\\/uploads\\\/2023\\\/06\\\/Mesa-de-trabajo-3%402x-e1742245783883.png?fit=2400%2C928&ssl=1\",\"contentUrl\":\"https:\\\/\\\/i0.wp.com\\\/emprenderenfiestas.com\\\/wp-content\\\/uploads\\\/2023\\\/06\\\/Mesa-de-trabajo-3%402x-e1742245783883.png?fit=2400%2C928&ssl=1\",\"width\":2400,\"height\":928,\"caption\":\"Daniela Dana\"},\"logo\":{\"@id\":\"https:\\\/\\\/i0.wp.com\\\/emprenderenfiestas.com\\\/wp-content\\\/uploads\\\/2023\\\/06\\\/Mesa-de-trabajo-3%402x-e1742245783883.png?fit=2400%2C928&ssl=1\"}},{\"@type\":\"Person\",\"@id\":\"https:\\\/\\\/emprenderenfiestas.com\\\/#\\\/schema\\\/person\\\/90b7a263e0b94e5f3e575727fc51c864\",\"name\":\"emprenderenfiestas.com\",\"image\":{\"@type\":\"ImageObject\",\"inLanguage\":\"es-AR\",\"@id\":\"https:\\\/\\\/emprenderenfiestas.com\\\/wp-content\\\/litespeed\\\/avatar\\\/ef760bf6b04f037ae193a889490a11ad.jpg?ver=1777081770\",\"url\":\"https:\\\/\\\/emprenderenfiestas.com\\\/wp-content\\\/litespeed\\\/avatar\\\/ef760bf6b04f037ae193a889490a11ad.jpg?ver=1777081770\",\"contentUrl\":\"https:\\\/\\\/emprenderenfiestas.com\\\/wp-content\\\/litespeed\\\/avatar\\\/ef760bf6b04f037ae193a889490a11ad.jpg?ver=1777081770\",\"caption\":\"emprenderenfiestas.com\"},\"sameAs\":[\"http:\\\/\\\/emprenderenfiestas.com\"],\"url\":\"https:\\\/\\\/emprenderenfiestas.com\\\/index.php\\\/author\\\/emprenderenfiestas-com\\\/\"}]}<\/script>\n<!-- \/ Yoast SEO plugin. -->","yoast_head_json":{"title":"ep1 - Desorden de Prioridades - emprenderenfiestas.com","description":"\ud83d\ude80 Episodio especial sobre prioridades y crecimiento personal para emprendedores \ud83c\udf1f\u00bfTe sientes atrapada entre tareas dom\u00e9sticas y tus sue\u00f1os de negocio? En este podcast, descubre c\u00f3mo reorganizar tus prioridades puede transformar tu vida profesional y personal. Aprender\u00e1s:\u2705 Estrategias para equilibrar trabajo y hogar\u2705 C\u00f3mo involucrar a tu familia en las tareas\u2705 T\u00e9cnicas para ganar independencia econ\u00f3mica\u2705 Superar el desorden que frena tu emprendimientoNo dejes que la falta de disciplina limite tus sue\u00f1os. \u00a1Escucha ya y dale un giro a tu emprendimiento! \ud83d\udcaa\ud83c\udffc\ud83d\udc69\u200d\ud83d\udcbb","robots":{"index":"index","follow":"follow","max-snippet":"max-snippet:-1","max-image-preview":"max-image-preview:large","max-video-preview":"max-video-preview:-1"},"canonical":"https:\/\/emprenderenfiestas.com\/index.php\/2025\/03\/17\/ep1-desorden-de-prioridades\/","og_locale":"es_ES","og_type":"article","og_title":"ep1 - Desorden de Prioridades - emprenderenfiestas.com","og_description":"\ud83d\ude80 Episodio especial sobre prioridades y crecimiento personal para emprendedores \ud83c\udf1f\u00bfTe sientes atrapada entre tareas dom\u00e9sticas y tus sue\u00f1os de negocio? En este podcast, descubre c\u00f3mo reorganizar tus prioridades puede transformar tu vida profesional y personal. Aprender\u00e1s:\u2705 Estrategias para equilibrar trabajo y hogar\u2705 C\u00f3mo involucrar a tu familia en las tareas\u2705 T\u00e9cnicas para ganar independencia econ\u00f3mica\u2705 Superar el desorden que frena tu emprendimientoNo dejes que la falta de disciplina limite tus sue\u00f1os. \u00a1Escucha ya y dale un giro a tu emprendimiento! \ud83d\udcaa\ud83c\udffc\ud83d\udc69\u200d\ud83d\udcbb","og_url":"https:\/\/emprenderenfiestas.com\/index.php\/2025\/03\/17\/ep1-desorden-de-prioridades\/","og_site_name":"emprenderenfiestas.com","article_published_time":"2025-03-17T22:50:40+00:00","article_modified_time":"2025-04-29T18:30:40+00:00","og_image":[{"width":1080,"height":1080,"url":"https:\/\/emprenderenfiestas.com\/wp-content\/uploads\/2025\/03\/Daniela-dana.png","type":"image\/png"}],"author":"emprenderenfiestas.com","twitter_card":"summary_large_image","twitter_misc":{"Escrito por":"emprenderenfiestas.com","Tiempo de lectura":"1 minuto"},"schema":{"@context":"https:\/\/schema.org","@graph":[{"@type":"Article","@id":"https:\/\/emprenderenfiestas.com\/index.php\/2025\/03\/17\/ep1-desorden-de-prioridades\/#article","isPartOf":{"@id":"https:\/\/emprenderenfiestas.com\/index.php\/2025\/03\/17\/ep1-desorden-de-prioridades\/"},"author":{"name":"emprenderenfiestas.com","@id":"https:\/\/emprenderenfiestas.com\/#\/schema\/person\/90b7a263e0b94e5f3e575727fc51c864"},"headline":"ep1 &#8211; Desorden de Prioridades","datePublished":"2025-03-17T22:50:40+00:00","dateModified":"2025-04-29T18:30:40+00:00","mainEntityOfPage":{"@id":"https:\/\/emprenderenfiestas.com\/index.php\/2025\/03\/17\/ep1-desorden-de-prioridades\/"},"wordCount":9,"commentCount":0,"publisher":{"@id":"https:\/\/emprenderenfiestas.com\/#\/schema\/person\/7ae3f63e8e0d298333f421659b10fec6"},"image":{"@id":"https:\/\/emprenderenfiestas.com\/index.php\/2025\/03\/17\/ep1-desorden-de-prioridades\/#primaryimage"},"thumbnailUrl":"https:\/\/i0.wp.com\/emprenderenfiestas.com\/wp-content\/uploads\/2025\/03\/Daniela-dana.png?fit=1080%2C1080&ssl=1","keywords":["desorden","emprendedora de eventos","emprender","emprender en fiestas","eventos infantiles","negocio","ORDEN","podcast","prioridades"],"articleSection":["Gratis","Podcast"],"inLanguage":"es-AR","potentialAction":[{"@type":"CommentAction","name":"Comment","target":["https:\/\/emprenderenfiestas.com\/index.php\/2025\/03\/17\/ep1-desorden-de-prioridades\/#respond"]}]},{"@type":"WebPage","@id":"https:\/\/emprenderenfiestas.com\/index.php\/2025\/03\/17\/ep1-desorden-de-prioridades\/","url":"https:\/\/emprenderenfiestas.com\/index.php\/2025\/03\/17\/ep1-desorden-de-prioridades\/","name":"ep1 - Desorden de Prioridades - emprenderenfiestas.com","isPartOf":{"@id":"https:\/\/emprenderenfiestas.com\/#website"},"primaryImageOfPage":{"@id":"https:\/\/emprenderenfiestas.com\/index.php\/2025\/03\/17\/ep1-desorden-de-prioridades\/#primaryimage"},"image":{"@id":"https:\/\/emprenderenfiestas.com\/index.php\/2025\/03\/17\/ep1-desorden-de-prioridades\/#primaryimage"},"thumbnailUrl":"https:\/\/i0.wp.com\/emprenderenfiestas.com\/wp-content\/uploads\/2025\/03\/Daniela-dana.png?fit=1080%2C1080&ssl=1","datePublished":"2025-03-17T22:50:40+00:00","dateModified":"2025-04-29T18:30:40+00:00","description":"\ud83d\ude80 Episodio especial sobre prioridades y crecimiento personal para emprendedores \ud83c\udf1f\u00bfTe sientes atrapada entre tareas dom\u00e9sticas y tus sue\u00f1os de negocio? En este podcast, descubre c\u00f3mo reorganizar tus prioridades puede transformar tu vida profesional y personal. Aprender\u00e1s:\u2705 Estrategias para equilibrar trabajo y hogar\u2705 C\u00f3mo involucrar a tu familia en las tareas\u2705 T\u00e9cnicas para ganar independencia econ\u00f3mica\u2705 Superar el desorden que frena tu emprendimientoNo dejes que la falta de disciplina limite tus sue\u00f1os. \u00a1Escucha ya y dale un giro a tu emprendimiento! \ud83d\udcaa\ud83c\udffc\ud83d\udc69\u200d\ud83d\udcbb","breadcrumb":{"@id":"https:\/\/emprenderenfiestas.com\/index.php\/2025\/03\/17\/ep1-desorden-de-prioridades\/#breadcrumb"},"inLanguage":"es-AR","potentialAction":[{"@type":"ReadAction","target":["https:\/\/emprenderenfiestas.com\/index.php\/2025\/03\/17\/ep1-desorden-de-prioridades\/"]}]},{"@type":"ImageObject","inLanguage":"es-AR","@id":"https:\/\/emprenderenfiestas.com\/index.php\/2025\/03\/17\/ep1-desorden-de-prioridades\/#primaryimage","url":"https:\/\/i0.wp.com\/emprenderenfiestas.com\/wp-content\/uploads\/2025\/03\/Daniela-dana.png?fit=1080%2C1080&ssl=1","contentUrl":"https:\/\/i0.wp.com\/emprenderenfiestas.com\/wp-content\/uploads\/2025\/03\/Daniela-dana.png?fit=1080%2C1080&ssl=1","width":1080,"height":1080,"caption":"\ud83d\ude80 Episodio especial sobre prioridades y crecimiento personal para emprendedores \ud83c\udf1f \u00bfTe sientes atrapada entre tareas dom\u00e9sticas y tus sue\u00f1os de negocio? En este podcast, descubre c\u00f3mo reorganizar tus prioridades puede transformar tu vida profesional y personal. Aprender\u00e1s: \u2705 Estrategias para equilibrar trabajo y hogar \u2705 C\u00f3mo involucrar a tu familia en las tareas \u2705 T\u00e9cnicas para ganar independencia econ\u00f3mica \u2705 Superar el desorden que frena tu emprendimiento No dejes que la falta de disciplina limite tus sue\u00f1os. \u00a1Escucha ya y dale un giro a tu emprendimiento! \ud83d\udcaa\ud83c\udffc\ud83d\udc69\u200d\ud83d\udcbb"},{"@type":"BreadcrumbList","@id":"https:\/\/emprenderenfiestas.com\/index.php\/2025\/03\/17\/ep1-desorden-de-prioridades\/#breadcrumb","itemListElement":[{"@type":"ListItem","position":1,"name":"Inicio","item":"https:\/\/emprenderenfiestas.com\/"},{"@type":"ListItem","position":2,"name":"ep1 &#8211; Desorden de Prioridades"}]},{"@type":"WebSite","@id":"https:\/\/emprenderenfiestas.com\/#website","url":"https:\/\/emprenderenfiestas.com\/","name":"Emprender en Fiestas","description":"Cursos para emprender en eventos","publisher":{"@id":"https:\/\/emprenderenfiestas.com\/#\/schema\/person\/7ae3f63e8e0d298333f421659b10fec6"},"potentialAction":[{"@type":"SearchAction","target":{"@type":"EntryPoint","urlTemplate":"https:\/\/emprenderenfiestas.com\/?s={search_term_string}"},"query-input":{"@type":"PropertyValueSpecification","valueRequired":true,"valueName":"search_term_string"}}],"inLanguage":"es-AR"},{"@type":["Person","Organization"],"@id":"https:\/\/emprenderenfiestas.com\/#\/schema\/person\/7ae3f63e8e0d298333f421659b10fec6","name":"Daniela Dana","image":{"@type":"ImageObject","inLanguage":"es-AR","@id":"https:\/\/i0.wp.com\/emprenderenfiestas.com\/wp-content\/uploads\/2023\/06\/Mesa-de-trabajo-3%402x-e1742245783883.png?fit=2400%2C928&ssl=1","url":"https:\/\/i0.wp.com\/emprenderenfiestas.com\/wp-content\/uploads\/2023\/06\/Mesa-de-trabajo-3%402x-e1742245783883.png?fit=2400%2C928&ssl=1","contentUrl":"https:\/\/i0.wp.com\/emprenderenfiestas.com\/wp-content\/uploads\/2023\/06\/Mesa-de-trabajo-3%402x-e1742245783883.png?fit=2400%2C928&ssl=1","width":2400,"height":928,"caption":"Daniela Dana"},"logo":{"@id":"https:\/\/i0.wp.com\/emprenderenfiestas.com\/wp-content\/uploads\/2023\/06\/Mesa-de-trabajo-3%402x-e1742245783883.png?fit=2400%2C928&ssl=1"}},{"@type":"Person","@id":"https:\/\/emprenderenfiestas.com\/#\/schema\/person\/90b7a263e0b94e5f3e575727fc51c864","name":"emprenderenfiestas.com","image":{"@type":"ImageObject","inLanguage":"es-AR","@id":"https:\/\/emprenderenfiestas.com\/wp-content\/litespeed\/avatar\/ef760bf6b04f037ae193a889490a11ad.jpg?ver=1777081770","url":"https:\/\/emprenderenfiestas.com\/wp-content\/litespeed\/avatar\/ef760bf6b04f037ae193a889490a11ad.jpg?ver=1777081770","contentUrl":"https:\/\/emprenderenfiestas.com\/wp-content\/litespeed\/avatar\/ef760bf6b04f037ae193a889490a11ad.jpg?ver=1777081770","caption":"emprenderenfiestas.com"},"sameAs":["http:\/\/emprenderenfiestas.com"],"url":"https:\/\/emprenderenfiestas.com\/index.php\/author\/emprenderenfiestas-com\/"}]}},"jetpack_publicize_connections":[],"jetpack_featured_media_url":"https:\/\/i0.wp.com\/emprenderenfiestas.com\/wp-content\/uploads\/2025\/03\/Daniela-dana.png?fit=1080%2C1080&ssl=1","jetpack_sharing_enabled":true,"jetpack_likes_enabled":true,"jetpack-related-posts":[],"_links":{"self":[{"href":"https:\/\/emprenderenfiestas.com\/index.php\/wp-json\/wp\/v2\/posts\/30628","targetHints":{"allow":["GET"]}}],"collection":[{"href":"https:\/\/emprenderenfiestas.com\/index.php\/wp-json\/wp\/v2\/posts"}],"about":[{"href":"https:\/\/emprenderenfiestas.com\/index.php\/wp-json\/wp\/v2\/types\/post"}],"author":[{"embeddable":true,"href":"https:\/\/emprenderenfiestas.com\/index.php\/wp-json\/wp\/v2\/users\/1"}],"replies":[{"embeddable":true,"href":"https:\/\/emprenderenfiestas.com\/index.php\/wp-json\/wp\/v2\/comments?post=30628"}],"version-history":[{"count":8,"href":"https:\/\/emprenderenfiestas.com\/index.php\/wp-json\/wp\/v2\/posts\/30628\/revisions"}],"predecessor-version":[{"id":30645,"href":"https:\/\/emprenderenfiestas.com\/index.php\/wp-json\/wp\/v2\/posts\/30628\/revisions\/30645"}],"wp:featuredmedia":[{"embeddable":true,"href":"https:\/\/emprenderenfiestas.com\/index.php\/wp-json\/wp\/v2\/media\/30637"}],"wp:attachment":[{"href":"https:\/\/emprenderenfiestas.com\/index.php\/wp-json\/wp\/v2\/media?parent=30628"}],"wp:term":[{"taxonomy":"category","embeddable":true,"href":"https:\/\/emprenderenfiestas.com\/index.php\/wp-json\/wp\/v2\/categories?post=30628"},{"taxonomy":"post_tag","embeddable":true,"href":"https:\/\/emprenderenfiestas.com\/index.php\/wp-json\/wp\/v2\/tags?post=30628"}],"curies":[{"name":"wp","href":"https:\/\/api.w.org\/{rel}","templated":true}]}}